{"id":221,"date":"2021-12-30T14:53:13","date_gmt":"2021-12-30T13:53:13","guid":{"rendered":"https:\/\/location-camping-car.com\/avis-location-camping-car-en-espagne\/"},"modified":"2023-11-30T11:01:54","modified_gmt":"2023-11-30T10:01:54","slug":"comentarios-de-clientes-aluguer-autocaravanas-espanha","status":"publish","type":"post","link":"https:\/\/location-camping-car.com\/pt-pt\/comentarios-de-clientes-aluguer-autocaravanas-espanha\/","title":{"rendered":"Coment\u00e1rios de clientes aluguer de autocaravanas em Espanha"},"content":{"rendered":"\n<p>Ol\u00e1 Sr. Sellem \u2026<br>viaj\u00e1mos para a Andaluzia de 1 a 16 de junho na autocaravana que alug\u00e1mos a si\u2026.<br>estamos muito satisfeitos \u2026..tant pela qualidade e conforto da autocaravana\u2026. o servi\u00e7o de recolha em M\u00e1laga tamb\u00e9m \u00e9 impec\u00e1vel<br>os vossos colegas espanh\u00f3is vieram buscar-nos ao aeroporto.<br>a recolha e as explica\u00e7\u00f5es tamb\u00e9m foram bem organizadas\u2026.s funcion\u00e1rios de M\u00e1laga tamb\u00e9m s\u00e3o muito simp\u00e1ticos<br>muito simp\u00e1ticos\u2026..estamos a pensar em It\u00e1lia como a nossa pr\u00f3xima viagem dentro de um ou dois anos<br>daqui a um ou dois anos e recorreria a v\u00f3s para o aluguer da carrinha de campismo.<br>apreciamos esta f\u00f3rmula\u2026.d&#8217;autre part aconselharia outras pessoas a visitar a Andaluzia que oferece<br>locais magn\u00edficos como Sevilha, Ronda, C\u00f3rdoba e sobretudo a cidade de Granada, cujo ponto alto \u00e9 a Alambra\u2026.<br>as cascatas nos parques de campismo s\u00e3o agrad\u00e1veis\u2026 o clima em junho \u00e9 \u00f3timo, nem muito fresco nem muito quente.<br>quente\u2026. as paisagens da serra Nevada s\u00e3o magn\u00edficas e a visibilidade a partir de uma carrinha de campismo \u00e9<br>\u00e9 muito agrad\u00e1vel\u2026.. Mais uma vez obrigado pelo vosso profissionalismo\u2026.cordialmente Sr morazzoni.<\/p>\n","protected":false},"excerpt":{"rendered":"<p>Ol\u00e1 Sr. Sellem \u2026viaj\u00e1mos para a Andaluzia de 1 a 16 de junho na autocaravana que alug\u00e1mos a si\u2026.estamos muito satisfeitos \u2026..tant pela qualidade e conforto da autocaravana\u2026. o servi\u00e7o de recolha em M\u00e1laga tamb\u00e9m \u00e9 impec\u00e1velos vossos colegas espanh\u00f3is vieram buscar-nos ao aeroporto.a recolha e as explica\u00e7\u00f5es tamb\u00e9m foram bem organizadas\u2026.s funcion\u00e1rios de M\u00e1laga [&hellip;]<\/p>\n","protected":false},"author":1,"featured_media":0,"comment_status":"open","ping_status":"open","sticky":false,"template":"","format":"standard","meta":{"footnotes":""},"categories":[64,88],"tags":[],"class_list":["post-221","post","type-post","status-publish","format-standard","hentry","category-depoimentos","category-no-caminho-devolta"],"yoast_head":"<!-- This site is optimized with the Yoast SEO plugin v27.4 - https:\/\/yoast.com\/product\/yoast-seo-wordpress\/ -->\n<title>Coment\u00e1rios de clientes aluguer de autocaravanas em Espanha - Location de camping-car<\/title>\n<meta name=\"robots\" content=\"index, follow, max-snippet:-1, max-image-preview:large, max-video-preview:-1\" \/>\n<link rel=\"canonical\" href=\"https:\/\/location-camping-car.com\/pt-pt\/comentarios-de-clientes-aluguer-autocaravanas-espanha\/\" \/>\n<meta property=\"og:locale\" content=\"pt_PT\" \/>\n<meta property=\"og:type\" content=\"article\" \/>\n<meta property=\"og:title\" content=\"Coment\u00e1rios de clientes aluguer de autocaravanas em Espanha - Location de camping-car\" \/>\n<meta property=\"og:description\" content=\"Ol\u00e1 Sr. Sellem \u2026viaj\u00e1mos para a Andaluzia de 1 a 16 de junho na autocaravana que alug\u00e1mos a si\u2026.estamos muito satisfeitos \u2026..tant pela qualidade e conforto da autocaravana\u2026. o servi\u00e7o de recolha em M\u00e1laga tamb\u00e9m \u00e9 impec\u00e1velos vossos colegas espanh\u00f3is vieram buscar-nos ao aeroporto.a recolha e as explica\u00e7\u00f5es tamb\u00e9m foram bem organizadas\u2026.s funcion\u00e1rios de M\u00e1laga [&hellip;]\" \/>\n<meta property=\"og:url\" content=\"https:\/\/location-camping-car.com\/pt-pt\/comentarios-de-clientes-aluguer-autocaravanas-espanha\/\" \/>\n<meta property=\"og:site_name\" content=\"Location de camping-car\" \/>\n<meta property=\"article:published_time\" content=\"2021-12-30T13:53:13+00:00\" \/>\n<meta property=\"article:modified_time\" content=\"2023-11-30T10:01:54+00:00\" \/>\n<meta name=\"author\" content=\"Eric\" \/>\n<meta name=\"twitter:card\" content=\"summary_large_image\" \/>\n<meta name=\"twitter:label1\" content=\"Escrito por\" \/>\n\t<meta name=\"twitter:data1\" content=\"Eric\" \/>\n\t<meta name=\"twitter:label2\" content=\"Tempo estimado de leitura\" \/>\n\t<meta name=\"twitter:data2\" content=\"1 minuto\" \/>\n<script type=\"application\/ld+json\" class=\"yoast-schema-graph\">{\"@context\":\"https:\\\/\\\/schema.org\",\"@graph\":[{\"@type\":\"Article\",\"@id\":\"https:\\\/\\\/location-camping-car.com\\\/pt-pt\\\/comentarios-de-clientes-aluguer-autocaravanas-espanha\\\/#article\",\"isPartOf\":{\"@id\":\"https:\\\/\\\/location-camping-car.com\\\/pt-pt\\\/comentarios-de-clientes-aluguer-autocaravanas-espanha\\\/\"},\"author\":{\"name\":\"Eric\",\"@id\":\"https:\\\/\\\/location-camping-car.com\\\/pt-pt\\\/#\\\/schema\\\/person\\\/2b05fc04ace2e65a6c26fef0d7ce2ab5\"},\"headline\":\"Coment\u00e1rios de clientes aluguer de autocaravanas em Espanha\",\"datePublished\":\"2021-12-30T13:53:13+00:00\",\"dateModified\":\"2023-11-30T10:01:54+00:00\",\"mainEntityOfPage\":{\"@id\":\"https:\\\/\\\/location-camping-car.com\\\/pt-pt\\\/comentarios-de-clientes-aluguer-autocaravanas-espanha\\\/\"},\"wordCount\":206,\"commentCount\":0,\"publisher\":{\"@id\":\"https:\\\/\\\/location-camping-car.com\\\/pt-pt\\\/#organization\"},\"articleSection\":[\"Depoimentos\",\"No caminho de volta\"],\"inLanguage\":\"pt-PT\",\"potentialAction\":[{\"@type\":\"CommentAction\",\"name\":\"Comment\",\"target\":[\"https:\\\/\\\/location-camping-car.com\\\/pt-pt\\\/comentarios-de-clientes-aluguer-autocaravanas-espanha\\\/#respond\"]}]},{\"@type\":\"WebPage\",\"@id\":\"https:\\\/\\\/location-camping-car.com\\\/pt-pt\\\/comentarios-de-clientes-aluguer-autocaravanas-espanha\\\/\",\"url\":\"https:\\\/\\\/location-camping-car.com\\\/pt-pt\\\/comentarios-de-clientes-aluguer-autocaravanas-espanha\\\/\",\"name\":\"Coment\u00e1rios de clientes aluguer de autocaravanas em Espanha - Location de camping-car\",\"isPartOf\":{\"@id\":\"https:\\\/\\\/location-camping-car.com\\\/pt-pt\\\/#website\"},\"datePublished\":\"2021-12-30T13:53:13+00:00\",\"dateModified\":\"2023-11-30T10:01:54+00:00\",\"breadcrumb\":{\"@id\":\"https:\\\/\\\/location-camping-car.com\\\/pt-pt\\\/comentarios-de-clientes-aluguer-autocaravanas-espanha\\\/#breadcrumb\"},\"inLanguage\":\"pt-PT\",\"potentialAction\":[{\"@type\":\"ReadAction\",\"target\":[\"https:\\\/\\\/location-camping-car.com\\\/pt-pt\\\/comentarios-de-clientes-aluguer-autocaravanas-espanha\\\/\"]}]},{\"@type\":\"BreadcrumbList\",\"@id\":\"https:\\\/\\\/location-camping-car.com\\\/pt-pt\\\/comentarios-de-clientes-aluguer-autocaravanas-espanha\\\/#breadcrumb\",\"itemListElement\":[{\"@type\":\"ListItem\",\"position\":1,\"name\":\"Accueil\",\"item\":\"https:\\\/\\\/location-camping-car.com\\\/pt-pt\\\/\"},{\"@type\":\"ListItem\",\"position\":2,\"name\":\"Coment\u00e1rios de clientes aluguer de autocaravanas em Espanha\"}]},{\"@type\":\"WebSite\",\"@id\":\"https:\\\/\\\/location-camping-car.com\\\/pt-pt\\\/#website\",\"url\":\"https:\\\/\\\/location-camping-car.com\\\/pt-pt\\\/\",\"name\":\"Location de camping-car\",\"description\":\"Le wiki de CoolDrive Nomad\",\"publisher\":{\"@id\":\"https:\\\/\\\/location-camping-car.com\\\/pt-pt\\\/#organization\"},\"potentialAction\":[{\"@type\":\"SearchAction\",\"target\":{\"@type\":\"EntryPoint\",\"urlTemplate\":\"https:\\\/\\\/location-camping-car.com\\\/pt-pt\\\/?s={search_term_string}\"},\"query-input\":{\"@type\":\"PropertyValueSpecification\",\"valueRequired\":true,\"valueName\":\"search_term_string\"}}],\"inLanguage\":\"pt-PT\"},{\"@type\":\"Organization\",\"@id\":\"https:\\\/\\\/location-camping-car.com\\\/pt-pt\\\/#organization\",\"name\":\"CoolDrive Nomad\",\"url\":\"https:\\\/\\\/location-camping-car.com\\\/pt-pt\\\/\",\"logo\":{\"@type\":\"ImageObject\",\"inLanguage\":\"pt-PT\",\"@id\":\"https:\\\/\\\/location-camping-car.com\\\/pt-pt\\\/#\\\/schema\\\/logo\\\/image\\\/\",\"url\":\"https:\\\/\\\/location-camping-car.com\\\/wp-content\\\/uploads\\\/2023\\\/11\\\/location-camping-car.png\",\"contentUrl\":\"https:\\\/\\\/location-camping-car.com\\\/wp-content\\\/uploads\\\/2023\\\/11\\\/location-camping-car.png\",\"width\":480,\"height\":80,\"caption\":\"CoolDrive Nomad\"},\"image\":{\"@id\":\"https:\\\/\\\/location-camping-car.com\\\/pt-pt\\\/#\\\/schema\\\/logo\\\/image\\\/\"}},{\"@type\":\"Person\",\"@id\":\"https:\\\/\\\/location-camping-car.com\\\/pt-pt\\\/#\\\/schema\\\/person\\\/2b05fc04ace2e65a6c26fef0d7ce2ab5\",\"name\":\"Eric\",\"sameAs\":[\"https:\\\/\\\/location-camping-car.com\"]}]}<\/script>\n<!-- \/ Yoast SEO plugin. -->","yoast_head_json":{"title":"Coment\u00e1rios de clientes aluguer de autocaravanas em Espanha - Location de camping-car","robots":{"index":"index","follow":"follow","max-snippet":"max-snippet:-1","max-image-preview":"max-image-preview:large","max-video-preview":"max-video-preview:-1"},"canonical":"https:\/\/location-camping-car.com\/pt-pt\/comentarios-de-clientes-aluguer-autocaravanas-espanha\/","og_locale":"pt_PT","og_type":"article","og_title":"Coment\u00e1rios de clientes aluguer de autocaravanas em Espanha - Location de camping-car","og_description":"Ol\u00e1 Sr. Sellem \u2026viaj\u00e1mos para a Andaluzia de 1 a 16 de junho na autocaravana que alug\u00e1mos a si\u2026.estamos muito satisfeitos \u2026..tant pela qualidade e conforto da autocaravana\u2026. o servi\u00e7o de recolha em M\u00e1laga tamb\u00e9m \u00e9 impec\u00e1velos vossos colegas espanh\u00f3is vieram buscar-nos ao aeroporto.a recolha e as explica\u00e7\u00f5es tamb\u00e9m foram bem organizadas\u2026.s funcion\u00e1rios de M\u00e1laga [&hellip;]","og_url":"https:\/\/location-camping-car.com\/pt-pt\/comentarios-de-clientes-aluguer-autocaravanas-espanha\/","og_site_name":"Location de camping-car","article_published_time":"2021-12-30T13:53:13+00:00","article_modified_time":"2023-11-30T10:01:54+00:00","author":"Eric","twitter_card":"summary_large_image","twitter_misc":{"Escrito por":"Eric","Tempo estimado de leitura":"1 minuto"},"schema":{"@context":"https:\/\/schema.org","@graph":[{"@type":"Article","@id":"https:\/\/location-camping-car.com\/pt-pt\/comentarios-de-clientes-aluguer-autocaravanas-espanha\/#article","isPartOf":{"@id":"https:\/\/location-camping-car.com\/pt-pt\/comentarios-de-clientes-aluguer-autocaravanas-espanha\/"},"author":{"name":"Eric","@id":"https:\/\/location-camping-car.com\/pt-pt\/#\/schema\/person\/2b05fc04ace2e65a6c26fef0d7ce2ab5"},"headline":"Coment\u00e1rios de clientes aluguer de autocaravanas em Espanha","datePublished":"2021-12-30T13:53:13+00:00","dateModified":"2023-11-30T10:01:54+00:00","mainEntityOfPage":{"@id":"https:\/\/location-camping-car.com\/pt-pt\/comentarios-de-clientes-aluguer-autocaravanas-espanha\/"},"wordCount":206,"commentCount":0,"publisher":{"@id":"https:\/\/location-camping-car.com\/pt-pt\/#organization"},"articleSection":["Depoimentos","No caminho de volta"],"inLanguage":"pt-PT","potentialAction":[{"@type":"CommentAction","name":"Comment","target":["https:\/\/location-camping-car.com\/pt-pt\/comentarios-de-clientes-aluguer-autocaravanas-espanha\/#respond"]}]},{"@type":"WebPage","@id":"https:\/\/location-camping-car.com\/pt-pt\/comentarios-de-clientes-aluguer-autocaravanas-espanha\/","url":"https:\/\/location-camping-car.com\/pt-pt\/comentarios-de-clientes-aluguer-autocaravanas-espanha\/","name":"Coment\u00e1rios de clientes aluguer de autocaravanas em Espanha - Location de camping-car","isPartOf":{"@id":"https:\/\/location-camping-car.com\/pt-pt\/#website"},"datePublished":"2021-12-30T13:53:13+00:00","dateModified":"2023-11-30T10:01:54+00:00","breadcrumb":{"@id":"https:\/\/location-camping-car.com\/pt-pt\/comentarios-de-clientes-aluguer-autocaravanas-espanha\/#breadcrumb"},"inLanguage":"pt-PT","potentialAction":[{"@type":"ReadAction","target":["https:\/\/location-camping-car.com\/pt-pt\/comentarios-de-clientes-aluguer-autocaravanas-espanha\/"]}]},{"@type":"BreadcrumbList","@id":"https:\/\/location-camping-car.com\/pt-pt\/comentarios-de-clientes-aluguer-autocaravanas-espanha\/#breadcrumb","itemListElement":[{"@type":"ListItem","position":1,"name":"Accueil","item":"https:\/\/location-camping-car.com\/pt-pt\/"},{"@type":"ListItem","position":2,"name":"Coment\u00e1rios de clientes aluguer de autocaravanas em Espanha"}]},{"@type":"WebSite","@id":"https:\/\/location-camping-car.com\/pt-pt\/#website","url":"https:\/\/location-camping-car.com\/pt-pt\/","name":"Location de camping-car","description":"Le wiki de CoolDrive Nomad","publisher":{"@id":"https:\/\/location-camping-car.com\/pt-pt\/#organization"},"potentialAction":[{"@type":"SearchAction","target":{"@type":"EntryPoint","urlTemplate":"https:\/\/location-camping-car.com\/pt-pt\/?s={search_term_string}"},"query-input":{"@type":"PropertyValueSpecification","valueRequired":true,"valueName":"search_term_string"}}],"inLanguage":"pt-PT"},{"@type":"Organization","@id":"https:\/\/location-camping-car.com\/pt-pt\/#organization","name":"CoolDrive Nomad","url":"https:\/\/location-camping-car.com\/pt-pt\/","logo":{"@type":"ImageObject","inLanguage":"pt-PT","@id":"https:\/\/location-camping-car.com\/pt-pt\/#\/schema\/logo\/image\/","url":"https:\/\/location-camping-car.com\/wp-content\/uploads\/2023\/11\/location-camping-car.png","contentUrl":"https:\/\/location-camping-car.com\/wp-content\/uploads\/2023\/11\/location-camping-car.png","width":480,"height":80,"caption":"CoolDrive Nomad"},"image":{"@id":"https:\/\/location-camping-car.com\/pt-pt\/#\/schema\/logo\/image\/"}},{"@type":"Person","@id":"https:\/\/location-camping-car.com\/pt-pt\/#\/schema\/person\/2b05fc04ace2e65a6c26fef0d7ce2ab5","name":"Eric","sameAs":["https:\/\/location-camping-car.com"]}]}},"_links":{"self":[{"href":"https:\/\/location-camping-car.com\/pt-pt\/wp-json\/wp\/v2\/posts\/221","targetHints":{"allow":["GET"]}}],"collection":[{"href":"https:\/\/location-camping-car.com\/pt-pt\/wp-json\/wp\/v2\/posts"}],"about":[{"href":"https:\/\/location-camping-car.com\/pt-pt\/wp-json\/wp\/v2\/types\/post"}],"author":[{"embeddable":true,"href":"https:\/\/location-camping-car.com\/pt-pt\/wp-json\/wp\/v2\/users\/1"}],"replies":[{"embeddable":true,"href":"https:\/\/location-camping-car.com\/pt-pt\/wp-json\/wp\/v2\/comments?post=221"}],"version-history":[{"count":1,"href":"https:\/\/location-camping-car.com\/pt-pt\/wp-json\/wp\/v2\/posts\/221\/revisions"}],"predecessor-version":[{"id":230,"href":"https:\/\/location-camping-car.com\/pt-pt\/wp-json\/wp\/v2\/posts\/221\/revisions\/230"}],"wp:attachment":[{"href":"https:\/\/location-camping-car.com\/pt-pt\/wp-json\/wp\/v2\/media?parent=221"}],"wp:term":[{"taxonomy":"category","embeddable":true,"href":"https:\/\/location-camping-car.com\/pt-pt\/wp-json\/wp\/v2\/categories?post=221"},{"taxonomy":"post_tag","embeddable":true,"href":"https:\/\/location-camping-car.com\/pt-pt\/wp-json\/wp\/v2\/tags?post=221"}],"curies":[{"name":"wp","href":"https:\/\/api.w.org\/{rel}","templated":true}]}}